{"id":1425,"date":"2024-05-07T18:05:00","date_gmt":"2024-05-07T16:05:00","guid":{"rendered":"https:\/\/morinlaurent.fr\/politique\/?post_type=actu-yvelines&#038;p=1425"},"modified":"2025-01-27T09:14:52","modified_gmt":"2025-01-27T08:14:52","slug":"reunion-publique-avec-philippe-olivier-depute-europeen","status":"publish","type":"actu-yvelines","link":"https:\/\/morinlaurent.fr\/politique\/actualite-yevelines\/reunion-publique-avec-philippe-olivier-depute-europeen\/","title":{"rendered":"R\u00e9union publique avec Philippe Olivier, d\u00e9put\u00e9 europ\u00e9en !"},"content":{"rendered":"\n<figure class=\"wp-block-gallery columns-1 is-cropped\"><ul class=\"blocks-gallery-grid\"><li class=\"blocks-gallery-item\"><figure><img width=\"2560\" height=\"1244\" src=\"https:\/\/morinlaurent.fr\/politique\/wp-content\/uploads\/2025\/01\/Photo-OlivierMoi-scaled.jpg\" alt=\"\" data-id=\"1542\" data-full-url=\"https:\/\/morinlaurent.fr\/politique\/wp-content\/uploads\/2025\/01\/Photo-OlivierMoi-scaled.jpg\" data-link=\"https:\/\/morinlaurent.fr\/politique\/actualite-yevelines\/reunion-publique-avec-philippe-olivier-depute-europeen\/photo-oliviermoi\/\" class=\"wp-image-1542\" srcset=\"https:\/\/morinlaurent.fr\/politique\/wp-content\/uploads\/2025\/01\/Photo-OlivierMoi-scaled.jpg 2560w, https:\/\/morinlaurent.fr\/politique\/wp-content\/uploads\/2025\/01\/Photo-OlivierMoi-300x146.jpg 300w, https:\/\/morinlaurent.fr\/politique\/wp-content\/uploads\/2025\/01\/Photo-OlivierMoi-1024x498.jpg 1024w, https:\/\/morinlaurent.fr\/politique\/wp-content\/uploads\/2025\/01\/Photo-OlivierMoi-768x373.jpg 768w, https:\/\/morinlaurent.fr\/politique\/wp-content\/uploads\/2025\/01\/Photo-OlivierMoi-1536x747.jpg 1536w, https:\/\/morinlaurent.fr\/politique\/wp-content\/uploads\/2025\/01\/Photo-OlivierMoi-2048x996.jpg 2048w\" sizes=\"(max-width: 2560px) 100vw, 2560px\" \/><\/figure><\/li><\/ul><\/figure>\n\n\n\n<div class=\"wp-block-columns\">\n<div class=\"wp-block-column\" style=\"flex-basis:100%\">\n<figure class=\"wp-block-gallery columns-1 is-cropped\"><ul class=\"blocks-gallery-grid\"><li class=\"blocks-gallery-item\"><figure><img width=\"1024\" height=\"556\" src=\"https:\/\/morinlaurent.fr\/politique\/wp-content\/uploads\/2024\/10\/GOa9Xr-XwAA6Fl2-1024x556.jpeg\" alt=\"\" data-id=\"1427\" data-full-url=\"https:\/\/morinlaurent.fr\/politique\/wp-content\/uploads\/2024\/10\/GOa9Xr-XwAA6Fl2.jpeg\" data-link=\"https:\/\/morinlaurent.fr\/politique\/?attachment_id=1427\" class=\"wp-image-1427\" srcset=\"https:\/\/morinlaurent.fr\/politique\/wp-content\/uploads\/2024\/10\/GOa9Xr-XwAA6Fl2-1024x556.jpeg 1024w, https:\/\/morinlaurent.fr\/politique\/wp-content\/uploads\/2024\/10\/GOa9Xr-XwAA6Fl2-300x163.jpeg 300w, https:\/\/morinlaurent.fr\/politique\/wp-content\/uploads\/2024\/10\/GOa9Xr-XwAA6Fl2-768x417.jpeg 768w, https:\/\/morinlaurent.fr\/politique\/wp-content\/uploads\/2024\/10\/GOa9Xr-XwAA6Fl2.jpeg 1290w\" sizes=\"(max-width: 1024px) 100vw, 1024px\" \/><\/figure><\/li><\/ul><\/figure>\n<\/div>\n<\/div>\n","protected":false},"excerpt":{"rendered":"","protected":false},"author":2,"featured_media":1543,"comment_status":"open","ping_status":"closed","template":"","yoast_head":"<!-- This site is optimized with the Yoast SEO plugin v17.5 - https:\/\/yoast.com\/wordpress\/plugins\/seo\/ -->\n<title>R\u00e9union publique avec Philippe Olivier, d\u00e9put\u00e9 europ\u00e9en ! - Laurent Morin<\/title>\n<meta name=\"robots\" content=\"index, follow, max-snippet:-1, max-image-preview:large, max-video-preview:-1\" \/>\n<link rel=\"canonical\" href=\"https:\/\/morinlaurent.fr\/politique\/actualite-yevelines\/reunion-publique-avec-philippe-olivier-depute-europeen\/\" \/>\n<meta property=\"og:locale\" content=\"fr_FR\" \/>\n<meta property=\"og:type\" content=\"article\" \/>\n<meta property=\"og:title\" content=\"R\u00e9union publique avec Philippe Olivier, d\u00e9put\u00e9 europ\u00e9en ! - Laurent Morin\" \/>\n<meta property=\"og:url\" content=\"https:\/\/morinlaurent.fr\/politique\/actualite-yevelines\/reunion-publique-avec-philippe-olivier-depute-europeen\/\" \/>\n<meta property=\"og:site_name\" content=\"Laurent Morin\" \/>\n<meta property=\"article:modified_time\" content=\"2025-01-27T08:14:52+00:00\" \/>\n<meta property=\"og:image\" content=\"https:\/\/morinlaurent.fr\/politique\/wp-content\/uploads\/2024\/05\/Photo-OlivierMoi-scaled.jpg\" \/>\n\t<meta property=\"og:image:width\" content=\"2560\" \/>\n\t<meta property=\"og:image:height\" content=\"1244\" \/>\n<meta name=\"twitter:card\" content=\"summary_large_image\" \/>\n<meta name=\"twitter:label1\" content=\"Dur\u00e9e de lecture est.\" \/>\n\t<meta name=\"twitter:data1\" content=\"1 minute\" \/>\n<script type=\"application\/ld+json\" class=\"yoast-schema-graph\">{\"@context\":\"https:\/\/schema.org\",\"@graph\":[{\"@type\":\"WebSite\",\"@id\":\"https:\/\/morinlaurent.fr\/politique\/#website\",\"url\":\"https:\/\/morinlaurent.fr\/politique\/\",\"name\":\"Laurent Morin\",\"description\":\"Partie politique\",\"potentialAction\":[{\"@type\":\"SearchAction\",\"target\":{\"@type\":\"EntryPoint\",\"urlTemplate\":\"https:\/\/morinlaurent.fr\/politique\/?s={search_term_string}\"},\"query-input\":\"required name=search_term_string\"}],\"inLanguage\":\"fr-FR\"},{\"@type\":\"ImageObject\",\"@id\":\"https:\/\/morinlaurent.fr\/politique\/actualite-yevelines\/reunion-publique-avec-philippe-olivier-depute-europeen\/#primaryimage\",\"inLanguage\":\"fr-FR\",\"url\":\"https:\/\/morinlaurent.fr\/politique\/wp-content\/uploads\/2024\/05\/Photo-OlivierMoi-scaled.jpg\",\"contentUrl\":\"https:\/\/morinlaurent.fr\/politique\/wp-content\/uploads\/2024\/05\/Photo-OlivierMoi-scaled.jpg\",\"width\":2560,\"height\":1244},{\"@type\":\"WebPage\",\"@id\":\"https:\/\/morinlaurent.fr\/politique\/actualite-yevelines\/reunion-publique-avec-philippe-olivier-depute-europeen\/#webpage\",\"url\":\"https:\/\/morinlaurent.fr\/politique\/actualite-yevelines\/reunion-publique-avec-philippe-olivier-depute-europeen\/\",\"name\":\"R\\u00e9union publique avec Philippe Olivier, d\\u00e9put\\u00e9 europ\\u00e9en ! - Laurent Morin\",\"isPartOf\":{\"@id\":\"https:\/\/morinlaurent.fr\/politique\/#website\"},\"primaryImageOfPage\":{\"@id\":\"https:\/\/morinlaurent.fr\/politique\/actualite-yevelines\/reunion-publique-avec-philippe-olivier-depute-europeen\/#primaryimage\"},\"datePublished\":\"2024-05-07T16:05:00+00:00\",\"dateModified\":\"2025-01-27T08:14:52+00:00\",\"breadcrumb\":{\"@id\":\"https:\/\/morinlaurent.fr\/politique\/actualite-yevelines\/reunion-publique-avec-philippe-olivier-depute-europeen\/#breadcrumb\"},\"inLanguage\":\"fr-FR\",\"potentialAction\":[{\"@type\":\"ReadAction\",\"target\":[\"https:\/\/morinlaurent.fr\/politique\/actualite-yevelines\/reunion-publique-avec-philippe-olivier-depute-europeen\/\"]}]},{\"@type\":\"BreadcrumbList\",\"@id\":\"https:\/\/morinlaurent.fr\/politique\/actualite-yevelines\/reunion-publique-avec-philippe-olivier-depute-europeen\/#breadcrumb\",\"itemListElement\":[{\"@type\":\"ListItem\",\"position\":1,\"name\":\"Accueil\",\"item\":\"https:\/\/morinlaurent.fr\/politique\/\"},{\"@type\":\"ListItem\",\"position\":2,\"name\":\"Actualit\\u00e9s Yvelines\"},{\"@type\":\"ListItem\",\"position\":3,\"name\":\"R\\u00e9union publique avec Philippe Olivier, d\\u00e9put\\u00e9 europ\\u00e9en !\"}]}]}<\/script>\n<!-- \/ Yoast SEO plugin. -->","yoast_head_json":{"title":"R\u00e9union publique avec Philippe Olivier, d\u00e9put\u00e9 europ\u00e9en ! - Laurent Morin","robots":{"index":"index","follow":"follow","max-snippet":"max-snippet:-1","max-image-preview":"max-image-preview:large","max-video-preview":"max-video-preview:-1"},"canonical":"https:\/\/morinlaurent.fr\/politique\/actualite-yevelines\/reunion-publique-avec-philippe-olivier-depute-europeen\/","og_locale":"fr_FR","og_type":"article","og_title":"R\u00e9union publique avec Philippe Olivier, d\u00e9put\u00e9 europ\u00e9en ! - Laurent Morin","og_url":"https:\/\/morinlaurent.fr\/politique\/actualite-yevelines\/reunion-publique-avec-philippe-olivier-depute-europeen\/","og_site_name":"Laurent Morin","article_modified_time":"2025-01-27T08:14:52+00:00","og_image":[{"width":2560,"height":1244,"url":"https:\/\/morinlaurent.fr\/politique\/wp-content\/uploads\/2024\/05\/Photo-OlivierMoi-scaled.jpg","type":"image\/jpeg"}],"twitter_card":"summary_large_image","twitter_misc":{"Dur\u00e9e de lecture est.":"1 minute"},"schema":{"@context":"https:\/\/schema.org","@graph":[{"@type":"WebSite","@id":"https:\/\/morinlaurent.fr\/politique\/#website","url":"https:\/\/morinlaurent.fr\/politique\/","name":"Laurent Morin","description":"Partie politique","potentialAction":[{"@type":"SearchAction","target":{"@type":"EntryPoint","urlTemplate":"https:\/\/morinlaurent.fr\/politique\/?s={search_term_string}"},"query-input":"required name=search_term_string"}],"inLanguage":"fr-FR"},{"@type":"ImageObject","@id":"https:\/\/morinlaurent.fr\/politique\/actualite-yevelines\/reunion-publique-avec-philippe-olivier-depute-europeen\/#primaryimage","inLanguage":"fr-FR","url":"https:\/\/morinlaurent.fr\/politique\/wp-content\/uploads\/2024\/05\/Photo-OlivierMoi-scaled.jpg","contentUrl":"https:\/\/morinlaurent.fr\/politique\/wp-content\/uploads\/2024\/05\/Photo-OlivierMoi-scaled.jpg","width":2560,"height":1244},{"@type":"WebPage","@id":"https:\/\/morinlaurent.fr\/politique\/actualite-yevelines\/reunion-publique-avec-philippe-olivier-depute-europeen\/#webpage","url":"https:\/\/morinlaurent.fr\/politique\/actualite-yevelines\/reunion-publique-avec-philippe-olivier-depute-europeen\/","name":"R\u00e9union publique avec Philippe Olivier, d\u00e9put\u00e9 europ\u00e9en ! - Laurent Morin","isPartOf":{"@id":"https:\/\/morinlaurent.fr\/politique\/#website"},"primaryImageOfPage":{"@id":"https:\/\/morinlaurent.fr\/politique\/actualite-yevelines\/reunion-publique-avec-philippe-olivier-depute-europeen\/#primaryimage"},"datePublished":"2024-05-07T16:05:00+00:00","dateModified":"2025-01-27T08:14:52+00:00","breadcrumb":{"@id":"https:\/\/morinlaurent.fr\/politique\/actualite-yevelines\/reunion-publique-avec-philippe-olivier-depute-europeen\/#breadcrumb"},"inLanguage":"fr-FR","potentialAction":[{"@type":"ReadAction","target":["https:\/\/morinlaurent.fr\/politique\/actualite-yevelines\/reunion-publique-avec-philippe-olivier-depute-europeen\/"]}]},{"@type":"BreadcrumbList","@id":"https:\/\/morinlaurent.fr\/politique\/actualite-yevelines\/reunion-publique-avec-philippe-olivier-depute-europeen\/#breadcrumb","itemListElement":[{"@type":"ListItem","position":1,"name":"Accueil","item":"https:\/\/morinlaurent.fr\/politique\/"},{"@type":"ListItem","position":2,"name":"Actualit\u00e9s Yvelines"},{"@type":"ListItem","position":3,"name":"R\u00e9union publique avec Philippe Olivier, d\u00e9put\u00e9 europ\u00e9en !"}]}]}},"_links":{"self":[{"href":"https:\/\/morinlaurent.fr\/politique\/wp-json\/wp\/v2\/actu-yvelines\/1425"}],"collection":[{"href":"https:\/\/morinlaurent.fr\/politique\/wp-json\/wp\/v2\/actu-yvelines"}],"about":[{"href":"https:\/\/morinlaurent.fr\/politique\/wp-json\/wp\/v2\/types\/actu-yvelines"}],"author":[{"embeddable":true,"href":"https:\/\/morinlaurent.fr\/politique\/wp-json\/wp\/v2\/users\/2"}],"replies":[{"embeddable":true,"href":"https:\/\/morinlaurent.fr\/politique\/wp-json\/wp\/v2\/comments?post=1425"}],"wp:featuredmedia":[{"embeddable":true,"href":"https:\/\/morinlaurent.fr\/politique\/wp-json\/wp\/v2\/media\/1543"}],"wp:attachment":[{"href":"https:\/\/morinlaurent.fr\/politique\/wp-json\/wp\/v2\/media?parent=1425"}],"curies":[{"name":"wp","href":"https:\/\/api.w.org\/{rel}","templated":true}]}}