{"id":1531,"date":"2024-12-18T14:05:00","date_gmt":"2024-12-18T13:05:00","guid":{"rendered":"https:\/\/morinlaurent.fr\/politique\/?post_type=actu-idf&#038;p=1531"},"modified":"2024-12-22T14:15:26","modified_gmt":"2024-12-22T13:15:26","slug":"video-mon-intervention-sur-le-contexte-politique-national-et-ses-consequences-sur-le-budget-environnement-de-la-region-ile-de-france","status":"publish","type":"actu-idf","link":"https:\/\/morinlaurent.fr\/politique\/actualite-ile-de-france\/video-mon-intervention-sur-le-contexte-politique-national-et-ses-consequences-sur-le-budget-environnement-de-la-region-ile-de-france\/","title":{"rendered":"VIDEO \/ Mon intervention sur le contexte politique national et ses cons\u00e9quences sur le budget environnement de la r\u00e9gion \u00cele-de-France !"},"content":{"rendered":"\n<figure class=\"wp-block-embed is-type-video is-provider-youtube wp-block-embed-youtube wp-embed-aspect-4-3 wp-has-aspect-ratio\"><div class=\"wp-block-embed__wrapper\">\n<iframe title=\"Contexte politique national et ses cons\u00e9quences sur le budget environnement de la r\u00e9gion IDF !\" width=\"640\" height=\"480\" src=\"https:\/\/www.youtube.com\/embed\/mR2syQcz430?feature=oembed\" frameborder=\"0\" allow=\"accelerometer; autoplay; clipboard-write; encrypted-media; gyroscope; picture-in-picture; web-share\" referrerpolicy=\"strict-origin-when-cross-origin\" allowfullscreen><\/iframe>\n<\/div><\/figure>\n","protected":false},"excerpt":{"rendered":"","protected":false},"author":2,"featured_media":1532,"comment_status":"open","ping_status":"closed","template":"","yoast_head":"<!-- This site is optimized with the Yoast SEO plugin v17.5 - https:\/\/yoast.com\/wordpress\/plugins\/seo\/ -->\n<title>VIDEO \/ Mon intervention sur le contexte politique national et ses cons\u00e9quences sur le budget environnement de la r\u00e9gion \u00cele-de-France ! - Laurent Morin<\/title>\n<meta name=\"robots\" content=\"index, follow, max-snippet:-1, max-image-preview:large, max-video-preview:-1\" \/>\n<link rel=\"canonical\" href=\"https:\/\/morinlaurent.fr\/politique\/actualite-ile-de-france\/video-mon-intervention-sur-le-contexte-politique-national-et-ses-consequences-sur-le-budget-environnement-de-la-region-ile-de-france\/\" \/>\n<meta property=\"og:locale\" content=\"fr_FR\" \/>\n<meta property=\"og:type\" content=\"article\" \/>\n<meta property=\"og:title\" content=\"VIDEO \/ Mon intervention sur le contexte politique national et ses cons\u00e9quences sur le budget environnement de la r\u00e9gion \u00cele-de-France ! - Laurent Morin\" \/>\n<meta property=\"og:url\" content=\"https:\/\/morinlaurent.fr\/politique\/actualite-ile-de-france\/video-mon-intervention-sur-le-contexte-politique-national-et-ses-consequences-sur-le-budget-environnement-de-la-region-ile-de-france\/\" \/>\n<meta property=\"og:site_name\" content=\"Laurent Morin\" \/>\n<meta property=\"article:modified_time\" content=\"2024-12-22T13:15:26+00:00\" \/>\n<meta property=\"og:image\" content=\"https:\/\/morinlaurent.fr\/politique\/wp-content\/uploads\/2024\/12\/Capture-decran-2024-12-22-a-14.08.34.jpeg\" \/>\n\t<meta property=\"og:image:width\" content=\"2150\" \/>\n\t<meta property=\"og:image:height\" content=\"2155\" \/>\n<meta name=\"twitter:card\" content=\"summary_large_image\" \/>\n<meta name=\"twitter:label1\" content=\"Dur\u00e9e de lecture est.\" \/>\n\t<meta name=\"twitter:data1\" content=\"1 minute\" \/>\n<script type=\"application\/ld+json\" class=\"yoast-schema-graph\">{\"@context\":\"https:\/\/schema.org\",\"@graph\":[{\"@type\":\"WebSite\",\"@id\":\"https:\/\/morinlaurent.fr\/politique\/#website\",\"url\":\"https:\/\/morinlaurent.fr\/politique\/\",\"name\":\"Laurent Morin\",\"description\":\"Partie politique\",\"potentialAction\":[{\"@type\":\"SearchAction\",\"target\":{\"@type\":\"EntryPoint\",\"urlTemplate\":\"https:\/\/morinlaurent.fr\/politique\/?s={search_term_string}\"},\"query-input\":\"required name=search_term_string\"}],\"inLanguage\":\"fr-FR\"},{\"@type\":\"ImageObject\",\"@id\":\"https:\/\/morinlaurent.fr\/politique\/actualite-ile-de-france\/video-mon-intervention-sur-le-contexte-politique-national-et-ses-consequences-sur-le-budget-environnement-de-la-region-ile-de-france\/#primaryimage\",\"inLanguage\":\"fr-FR\",\"url\":\"https:\/\/morinlaurent.fr\/politique\/wp-content\/uploads\/2024\/12\/Capture-decran-2024-12-22-a-14.08.34.jpeg\",\"contentUrl\":\"https:\/\/morinlaurent.fr\/politique\/wp-content\/uploads\/2024\/12\/Capture-decran-2024-12-22-a-14.08.34.jpeg\",\"width\":2150,\"height\":2155},{\"@type\":\"WebPage\",\"@id\":\"https:\/\/morinlaurent.fr\/politique\/actualite-ile-de-france\/video-mon-intervention-sur-le-contexte-politique-national-et-ses-consequences-sur-le-budget-environnement-de-la-region-ile-de-france\/#webpage\",\"url\":\"https:\/\/morinlaurent.fr\/politique\/actualite-ile-de-france\/video-mon-intervention-sur-le-contexte-politique-national-et-ses-consequences-sur-le-budget-environnement-de-la-region-ile-de-france\/\",\"name\":\"VIDEO \/ Mon intervention sur le contexte politique national et ses cons\\u00e9quences sur le budget environnement de la r\\u00e9gion \\u00cele-de-France ! - Laurent Morin\",\"isPartOf\":{\"@id\":\"https:\/\/morinlaurent.fr\/politique\/#website\"},\"primaryImageOfPage\":{\"@id\":\"https:\/\/morinlaurent.fr\/politique\/actualite-ile-de-france\/video-mon-intervention-sur-le-contexte-politique-national-et-ses-consequences-sur-le-budget-environnement-de-la-region-ile-de-france\/#primaryimage\"},\"datePublished\":\"2024-12-18T13:05:00+00:00\",\"dateModified\":\"2024-12-22T13:15:26+00:00\",\"breadcrumb\":{\"@id\":\"https:\/\/morinlaurent.fr\/politique\/actualite-ile-de-france\/video-mon-intervention-sur-le-contexte-politique-national-et-ses-consequences-sur-le-budget-environnement-de-la-region-ile-de-france\/#breadcrumb\"},\"inLanguage\":\"fr-FR\",\"potentialAction\":[{\"@type\":\"ReadAction\",\"target\":[\"https:\/\/morinlaurent.fr\/politique\/actualite-ile-de-france\/video-mon-intervention-sur-le-contexte-politique-national-et-ses-consequences-sur-le-budget-environnement-de-la-region-ile-de-france\/\"]}]},{\"@type\":\"BreadcrumbList\",\"@id\":\"https:\/\/morinlaurent.fr\/politique\/actualite-ile-de-france\/video-mon-intervention-sur-le-contexte-politique-national-et-ses-consequences-sur-le-budget-environnement-de-la-region-ile-de-france\/#breadcrumb\",\"itemListElement\":[{\"@type\":\"ListItem\",\"position\":1,\"name\":\"Accueil\",\"item\":\"https:\/\/morinlaurent.fr\/politique\/\"},{\"@type\":\"ListItem\",\"position\":2,\"name\":\"Actualit\\u00e9s IDF\"},{\"@type\":\"ListItem\",\"position\":3,\"name\":\"VIDEO \/ Mon intervention sur le contexte politique national et ses cons\\u00e9quences sur le budget environnement de la r\\u00e9gion \\u00cele-de-France !\"}]}]}<\/script>\n<!-- \/ Yoast SEO plugin. -->","yoast_head_json":{"title":"VIDEO \/ Mon intervention sur le contexte politique national et ses cons\u00e9quences sur le budget environnement de la r\u00e9gion \u00cele-de-France ! - Laurent Morin","robots":{"index":"index","follow":"follow","max-snippet":"max-snippet:-1","max-image-preview":"max-image-preview:large","max-video-preview":"max-video-preview:-1"},"canonical":"https:\/\/morinlaurent.fr\/politique\/actualite-ile-de-france\/video-mon-intervention-sur-le-contexte-politique-national-et-ses-consequences-sur-le-budget-environnement-de-la-region-ile-de-france\/","og_locale":"fr_FR","og_type":"article","og_title":"VIDEO \/ Mon intervention sur le contexte politique national et ses cons\u00e9quences sur le budget environnement de la r\u00e9gion \u00cele-de-France ! - Laurent Morin","og_url":"https:\/\/morinlaurent.fr\/politique\/actualite-ile-de-france\/video-mon-intervention-sur-le-contexte-politique-national-et-ses-consequences-sur-le-budget-environnement-de-la-region-ile-de-france\/","og_site_name":"Laurent Morin","article_modified_time":"2024-12-22T13:15:26+00:00","og_image":[{"width":2150,"height":2155,"url":"https:\/\/morinlaurent.fr\/politique\/wp-content\/uploads\/2024\/12\/Capture-decran-2024-12-22-a-14.08.34.jpeg","type":"image\/jpeg"}],"twitter_card":"summary_large_image","twitter_misc":{"Dur\u00e9e de lecture est.":"1 minute"},"schema":{"@context":"https:\/\/schema.org","@graph":[{"@type":"WebSite","@id":"https:\/\/morinlaurent.fr\/politique\/#website","url":"https:\/\/morinlaurent.fr\/politique\/","name":"Laurent Morin","description":"Partie politique","potentialAction":[{"@type":"SearchAction","target":{"@type":"EntryPoint","urlTemplate":"https:\/\/morinlaurent.fr\/politique\/?s={search_term_string}"},"query-input":"required name=search_term_string"}],"inLanguage":"fr-FR"},{"@type":"ImageObject","@id":"https:\/\/morinlaurent.fr\/politique\/actualite-ile-de-france\/video-mon-intervention-sur-le-contexte-politique-national-et-ses-consequences-sur-le-budget-environnement-de-la-region-ile-de-france\/#primaryimage","inLanguage":"fr-FR","url":"https:\/\/morinlaurent.fr\/politique\/wp-content\/uploads\/2024\/12\/Capture-decran-2024-12-22-a-14.08.34.jpeg","contentUrl":"https:\/\/morinlaurent.fr\/politique\/wp-content\/uploads\/2024\/12\/Capture-decran-2024-12-22-a-14.08.34.jpeg","width":2150,"height":2155},{"@type":"WebPage","@id":"https:\/\/morinlaurent.fr\/politique\/actualite-ile-de-france\/video-mon-intervention-sur-le-contexte-politique-national-et-ses-consequences-sur-le-budget-environnement-de-la-region-ile-de-france\/#webpage","url":"https:\/\/morinlaurent.fr\/politique\/actualite-ile-de-france\/video-mon-intervention-sur-le-contexte-politique-national-et-ses-consequences-sur-le-budget-environnement-de-la-region-ile-de-france\/","name":"VIDEO \/ Mon intervention sur le contexte politique national et ses cons\u00e9quences sur le budget environnement de la r\u00e9gion \u00cele-de-France ! - Laurent Morin","isPartOf":{"@id":"https:\/\/morinlaurent.fr\/politique\/#website"},"primaryImageOfPage":{"@id":"https:\/\/morinlaurent.fr\/politique\/actualite-ile-de-france\/video-mon-intervention-sur-le-contexte-politique-national-et-ses-consequences-sur-le-budget-environnement-de-la-region-ile-de-france\/#primaryimage"},"datePublished":"2024-12-18T13:05:00+00:00","dateModified":"2024-12-22T13:15:26+00:00","breadcrumb":{"@id":"https:\/\/morinlaurent.fr\/politique\/actualite-ile-de-france\/video-mon-intervention-sur-le-contexte-politique-national-et-ses-consequences-sur-le-budget-environnement-de-la-region-ile-de-france\/#breadcrumb"},"inLanguage":"fr-FR","potentialAction":[{"@type":"ReadAction","target":["https:\/\/morinlaurent.fr\/politique\/actualite-ile-de-france\/video-mon-intervention-sur-le-contexte-politique-national-et-ses-consequences-sur-le-budget-environnement-de-la-region-ile-de-france\/"]}]},{"@type":"BreadcrumbList","@id":"https:\/\/morinlaurent.fr\/politique\/actualite-ile-de-france\/video-mon-intervention-sur-le-contexte-politique-national-et-ses-consequences-sur-le-budget-environnement-de-la-region-ile-de-france\/#breadcrumb","itemListElement":[{"@type":"ListItem","position":1,"name":"Accueil","item":"https:\/\/morinlaurent.fr\/politique\/"},{"@type":"ListItem","position":2,"name":"Actualit\u00e9s IDF"},{"@type":"ListItem","position":3,"name":"VIDEO \/ Mon intervention sur le contexte politique national et ses cons\u00e9quences sur le budget environnement de la r\u00e9gion \u00cele-de-France !"}]}]}},"_links":{"self":[{"href":"https:\/\/morinlaurent.fr\/politique\/wp-json\/wp\/v2\/actu-idf\/1531"}],"collection":[{"href":"https:\/\/morinlaurent.fr\/politique\/wp-json\/wp\/v2\/actu-idf"}],"about":[{"href":"https:\/\/morinlaurent.fr\/politique\/wp-json\/wp\/v2\/types\/actu-idf"}],"author":[{"embeddable":true,"href":"https:\/\/morinlaurent.fr\/politique\/wp-json\/wp\/v2\/users\/2"}],"replies":[{"embeddable":true,"href":"https:\/\/morinlaurent.fr\/politique\/wp-json\/wp\/v2\/comments?post=1531"}],"wp:featuredmedia":[{"embeddable":true,"href":"https:\/\/morinlaurent.fr\/politique\/wp-json\/wp\/v2\/media\/1532"}],"wp:attachment":[{"href":"https:\/\/morinlaurent.fr\/politique\/wp-json\/wp\/v2\/media?parent=1531"}],"curies":[{"name":"wp","href":"https:\/\/api.w.org\/{rel}","templated":true}]}}